{"id":323,"date":"2025-05-20T17:32:28","date_gmt":"2025-05-20T15:32:28","guid":{"rendered":"https:\/\/amclemencon.com\/?p=323"},"modified":"2025-05-20T17:33:42","modified_gmt":"2025-05-20T15:33:42","slug":"323","status":"publish","type":"post","link":"https:\/\/amclemencon.com\/?p=323","title":{"rendered":"Soutenir la posture manag\u00e9riale dans le secteur m\u00e9dico-social : mon accompagnement des chefs de service en analyse des pratiques professionnelles (APP)"},"content":{"rendered":"<p>[et_pb_section fb_built=\u00a0\u00bb1&Prime; _builder_version=\u00a0\u00bb4.25.0&Prime; _module_preset=\u00a0\u00bbdefault\u00a0\u00bb global_colors_info=\u00a0\u00bb{}\u00a0\u00bb][et_pb_row _builder_version=\u00a0\u00bb4.25.0&Prime; _module_preset=\u00a0\u00bbdefault\u00a0\u00bb global_colors_info=\u00a0\u00bb{}\u00a0\u00bb][et_pb_column type=\u00a0\u00bb4_4&Prime; _builder_version=\u00a0\u00bb4.25.0&Prime; _module_preset=\u00a0\u00bbdefault\u00a0\u00bb global_colors_info=\u00a0\u00bb{}\u00a0\u00bb][et_pb_text _builder_version=\u00a0\u00bb4.25.0&Prime; _module_preset=\u00a0\u00bbdefault\u00a0\u00bb global_colors_info=\u00a0\u00bb{}\u00a0\u00bb]<\/p>\n<p><span>Depuis plusieurs ann\u00e9es, je suis intervenante en analyse des pratiques professionnelles (APP) pour Trait d\u2019union \u00e0 Saint-\u00c9tienne, sp\u00e9cialis\u00e9 dans l\u2019accompagnement des \u00e9quipes du secteur social et m\u00e9dico-social.<\/span><span><br \/><\/span><span><br \/><\/span><span>C\u2019est dans ce cadre que j\u2019anime des s\u00e9ances d\u2019analyse des pratiques aupr\u00e8s de chefs de service d&rsquo;Institutions de la Protection de l&rsquo;Enfance, et aussi aupr\u00e8s des \u00e9quipes \u00e9ducatrices et pluridisciplinaires dans plusieurs Institutions m\u00e9dico sociales.<\/span><span class=\"white-space-pre\"> <\/span><span><br \/><\/span><span><br \/><\/span><span>Les s\u00e9ances que j\u2019anime aupr\u00e8s des chefs de service ont pour objectif :<\/span><span class=\"white-space-pre\"> <\/span><span><br \/><\/span><span><br \/><\/span><span>&#8211; La prise de recul \u00e9motionnelle et psychologique sur leur posture professionnelle,<\/span><span><br \/><\/span><span>&#8211; L&rsquo;analyse des situations insatisfaisantes, difficiles, rencontr\u00e9es sur le terrain,<\/span><span><br \/><\/span><span>&#8211; La coh\u00e9rence et la coh\u00e9sion d\u2019\u00e9quipe,<\/span><span class=\"white-space-pre\"> <\/span><span><br \/><\/span><span>&#8211; L&rsquo;affirmation de leurs postures, manag\u00e9riales et le soutien de leurs pratiques manag\u00e9riales,<\/span><span><br \/><\/span><span>&#8211; La capacit\u00e9 \u00e0 s&rsquo;appuyer sur leurs ressources individuelles et collectives pour traverser les situations de travail complexes.<\/span><span class=\"white-space-pre\"> <\/span><span><br \/><\/span><span><br \/><\/span><span>L&rsquo;espace d&rsquo;analyse des pratiques professionnelles est un espace confidentiel et bas\u00e9 sur une \u00e9coute sans jugement.<\/span><span class=\"white-space-pre\"> <\/span><span><br \/><\/span><span><br \/><\/span><span>Dans mon approche j&rsquo;utilise :<\/span><span class=\"white-space-pre\"> <\/span><span><br \/><\/span><span><br \/><\/span><span>&#8211; Les concepts de l&rsquo;Analyse Transactionnelle (AT), &#8211; dont le fondateur est Eric Berne &#8211; corpus th\u00e9orique scientifique qui permet d&rsquo;analyser le fonctionnement des individus et des groupes, leurs interactions, courant de pens\u00e9e auquel je me forme depuis 2018.<\/span><span class=\"white-space-pre\"> <\/span><span><br \/><\/span><span><br \/><\/span><span>&#8211; Mon exp\u00e9rience au sein de mon cabinet de psychoth\u00e9rapie pour l&rsquo;accompagnement th\u00e9rapeutique des Adultes-Adolescents-Enfants<\/span><span><br \/><\/span><span><br \/><\/span><span>&#8211; l\u2019analyse syst\u00e9mique, selon la Th\u00e9orie Organisionnelle de Berne (T.O.B) au service des situations de travail apport\u00e9es par les participants, en s\u00e9ances d&rsquo;APP.<\/span><span class=\"white-space-pre\"> <\/span><span><br \/><\/span><span><br \/><\/span><span>&#8211; Les contenus de formations Trait d&rsquo;Union : concepts et analyse sp\u00e9cifiques.<\/span><span class=\"white-space-pre\"> <\/span><span><br \/><\/span><span><br \/><\/span><span>Il s\u2019agit de soutenir les professionnels dans leurs missions, de soutenir leur capacit\u00e9 de prise de recul, et de cultiver une dynamique constructive au sein des \u00e9quipes.<\/span><span><br \/><\/span><span><br \/><\/span><span>Un grand merci \u00e0 Trait d&rsquo;union ;<\/span><span class=\"white-space-pre\"> <\/span><a class=\"BeniMwRmDODyqVPfYIYiBDObybMDkBXoss \" target=\"_self\" href=\"https:\/\/www.linkedin.com\/in\/ACoAACBxz3MBfsn6PJYbCfhl8Am9ejI4Dp6Gzq0\" data-test-app-aware-link=\"\" tabindex=\"0\"><span><\/span><\/a><a href=\"https:\/\/www.linkedin.com\/in\/emma-bard-66b365132\/\" id=\"ember391\" class=\"ember-view\">Emma Bard<\/a><span class=\"white-space-pre\"> <\/span><span>et<\/span><span class=\"white-space-pre\"> <\/span><a class=\"BeniMwRmDODyqVPfYIYiBDObybMDkBXoss \" target=\"_self\" href=\"https:\/\/www.linkedin.com\/in\/ACoAADUC6HEBaLdJ9iuJIRZ9MzGfS22uBrxFDN0\" data-test-app-aware-link=\"\" tabindex=\"0\"><span><\/span><\/a><a href=\"https:\/\/www.linkedin.com\/in\/david-peinado-uniteampro\/\" id=\"ember392\" class=\"ember-view\">David Peinado<\/a><span>, pour leur confiance, leur soutien par la formation et les espaces d&rsquo;\u00e9changes entre pairs, aux Institutions et aux \u00e9quipes que j&rsquo;accompagne pour leur engagement dans les s\u00e9ances d&rsquo;analyse de la pratique professionnelle.<\/span><span class=\"white-space-pre\"> <\/span><span><br \/><\/span><span><br \/><\/span><span>Vous travaillez dans une structure sociale ou m\u00e9dico-sociale et souhaitez mettre en place un accompagnement de ce type ? Nous sommes \u00e0 votre \u00e9coute.<\/span><span><br \/><\/span><span><br \/><\/span><a class=\"BeniMwRmDODyqVPfYIYiBDObybMDkBXoss \" href=\"https:\/\/www.linkedin.com\/search\/results\/all\/?keywords=%23analysedespratiques&amp;origin=HASH_TAG_FROM_FEED\" data-test-app-aware-link=\"\" tabindex=\"0\"><span class=\"visually-hidden\">hashtag<\/span><span><span aria-hidden=\"true\">#<\/span>analysedespratiques<\/span><\/a><span class=\"white-space-pre\"> <\/span><a class=\"BeniMwRmDODyqVPfYIYiBDObybMDkBXoss \" href=\"https:\/\/www.linkedin.com\/search\/results\/all\/?keywords=%23management&amp;origin=HASH_TAG_FROM_FEED\" data-test-app-aware-link=\"\" tabindex=\"0\"><span class=\"visually-hidden\">hashtag<\/span><span><span aria-hidden=\"true\">#<\/span>management<\/span><\/a><span class=\"white-space-pre\"> <\/span><a class=\"BeniMwRmDODyqVPfYIYiBDObybMDkBXoss \" href=\"https:\/\/www.linkedin.com\/search\/results\/all\/?keywords=%23secteursocial&amp;origin=HASH_TAG_FROM_FEED\" data-test-app-aware-link=\"\" tabindex=\"0\"><span class=\"visually-hidden\">hashtag<\/span><span><span aria-hidden=\"true\">#<\/span>secteursocial<\/span><\/a><span class=\"white-space-pre\"> <\/span><a class=\"BeniMwRmDODyqVPfYIYiBDObybMDkBXoss \" href=\"https:\/\/www.linkedin.com\/search\/results\/all\/?keywords=%23traitdunion&amp;origin=HASH_TAG_FROM_FEED\" data-test-app-aware-link=\"\" tabindex=\"0\"><span class=\"visually-hidden\">hashtag<\/span><span><span aria-hidden=\"true\">#<\/span>traitdunion<\/span><\/a><span class=\"white-space-pre\"> <\/span><a class=\"BeniMwRmDODyqVPfYIYiBDObybMDkBXoss \" href=\"https:\/\/www.linkedin.com\/search\/results\/all\/?keywords=%23accompagnementcadres&amp;origin=HASH_TAG_FROM_FEED\" data-test-app-aware-link=\"\" tabindex=\"0\"><span class=\"visually-hidden\">hashtag<\/span><span><span aria-hidden=\"true\">#<\/span>accompagnementcadres<\/span><\/a><span class=\"white-space-pre\"> <\/span><a class=\"BeniMwRmDODyqVPfYIYiBDObybMDkBXoss \" href=\"https:\/\/www.linkedin.com\/search\/results\/all\/?keywords=%23accompagnementequipes&amp;origin=HASH_TAG_FROM_FEED\" data-test-app-aware-link=\"\" tabindex=\"0\"><span class=\"visually-hidden\">hashtag<\/span><span><span aria-hidden=\"true\">#<\/span>accompagnementequipes<\/span><\/a><span class=\"white-space-pre\"> <\/span><a class=\"BeniMwRmDODyqVPfYIYiBDObybMDkBXoss \" href=\"https:\/\/www.linkedin.com\/search\/results\/all\/?keywords=%23leadership&amp;origin=HASH_TAG_FROM_FEED\" data-test-app-aware-link=\"\" tabindex=\"0\"><span class=\"visually-hidden\">hashtag<\/span><span><span aria-hidden=\"true\">#<\/span>leadership<\/span><\/a><span class=\"white-space-pre\"> <\/span><a class=\"BeniMwRmDODyqVPfYIYiBDObybMDkBXoss \" href=\"https:\/\/www.linkedin.com\/search\/results\/all\/?keywords=%23travailsocial&amp;origin=HASH_TAG_FROM_FEED\" data-test-app-aware-link=\"\" tabindex=\"0\"><span class=\"visually-hidden\">hashtag<\/span><span><span aria-hidden=\"true\">#<\/span>travailsocial<\/span><\/a><\/p>\n<p>[\/et_pb_text][\/et_pb_column][\/et_pb_row][\/et_pb_section]<\/p>\n","protected":false},"excerpt":{"rendered":"<p>Depuis plusieurs ann\u00e9es, je suis intervenante en analyse des pratiques professionnelles (APP) pour Trait d\u2019union \u00e0 Saint-\u00c9tienne, sp\u00e9cialis\u00e9 dans l\u2019accompagnement des \u00e9quipes du secteur social et m\u00e9dico-social.C\u2019est dans ce cadre que j\u2019anime des s\u00e9ances d\u2019analyse des pratiques aupr\u00e8s de chefs de service d&rsquo;Institutions de la Protection de l&rsquo;Enfance, et aussi aupr\u00e8s des \u00e9quipes \u00e9ducatrices et [&hellip;]<\/p>\n","protected":false},"author":1,"featured_media":0,"comment_status":"open","ping_status":"open","sticky":false,"template":"","format":"standard","meta":{"_et_pb_use_builder":"on","_et_pb_old_content":"","_et_gb_content_width":"","footnotes":""},"categories":[3],"tags":[],"class_list":["post-323","post","type-post","status-publish","format-standard","hentry","category-articles"],"mb":[],"mfb_rest_fields":["title"],"_links":{"self":[{"href":"https:\/\/amclemencon.com\/index.php?rest_route=\/wp\/v2\/posts\/323","targetHints":{"allow":["GET"]}}],"collection":[{"href":"https:\/\/amclemencon.com\/index.php?rest_route=\/wp\/v2\/posts"}],"about":[{"href":"https:\/\/amclemencon.com\/index.php?rest_route=\/wp\/v2\/types\/post"}],"author":[{"embeddable":true,"href":"https:\/\/amclemencon.com\/index.php?rest_route=\/wp\/v2\/users\/1"}],"replies":[{"embeddable":true,"href":"https:\/\/amclemencon.com\/index.php?rest_route=%2Fwp%2Fv2%2Fcomments&post=323"}],"version-history":[{"count":4,"href":"https:\/\/amclemencon.com\/index.php?rest_route=\/wp\/v2\/posts\/323\/revisions"}],"predecessor-version":[{"id":327,"href":"https:\/\/amclemencon.com\/index.php?rest_route=\/wp\/v2\/posts\/323\/revisions\/327"}],"wp:attachment":[{"href":"https:\/\/amclemencon.com\/index.php?rest_route=%2Fwp%2Fv2%2Fmedia&parent=323"}],"wp:term":[{"taxonomy":"category","embeddable":true,"href":"https:\/\/amclemencon.com\/index.php?rest_route=%2Fwp%2Fv2%2Fcategories&post=323"},{"taxonomy":"post_tag","embeddable":true,"href":"https:\/\/amclemencon.com\/index.php?rest_route=%2Fwp%2Fv2%2Ftags&post=323"}],"curies":[{"name":"wp","href":"https:\/\/api.w.org\/{rel}","templated":true}]}}